{"id":1538,"global_id":"pfingstvision.at?id=1538","global_id_lineage":["pfingstvision.at?id=1538"],"author":"2","status":"publish","date":"2024-02-20 11:32:47","date_utc":"2024-02-20 11:32:47","modified":"2025-03-25 12:26:02","modified_utc":"2025-03-25 12:26:02","url":"https:\/\/pfingstvision.at\/?tribe_events=klima-wandel-hoffnung","rest_url":"https:\/\/pfingstvision.at\/index.php?rest_route=\/tribe\/events\/v1\/events\/1538","title":"KLIMA \u2013 WANDEL &#8211; HOFFNUNG","description":"<p style=\"text-align: justify;\">+Wir sehen uns gefangen und beteiligt an einem System, das im Begriff ist, unsere Lebensgrundlagen zu zerst\u00f6ren. Doch wir k\u00f6nnten ganz anders. In den letzten Jahren haben sich gerade in den reichen L\u00e4ndern zahlreiche B\u00fcrgerinnen und B\u00fcrger zusammengeschlossen, um friedlich Widerstand zu leisten. Statt sich ins Private und auf pers\u00f6nliche Konsumentscheidungen zur\u00fcckzuziehen, wenden sie sich der \u00d6ffentlichkeit zu und legen sich quer. Zwei der Beteiligten berichten \u00fcber den inneren Wandel, der sie in den zivilen Widerstand gef\u00fchrt hat und die Hoffnung, die sie dadurch empfinden. Sie laden zum Dialog.<\/p>\r\n<p style=\"text-align: justify;\"><b><i>Bernhard und Stefan Kogler-Sobl<\/i><\/b><i>,\u00a0<\/i>beteiligen sich an den Protesten der Letzten Generation<\/p>","excerpt":"<p>Angesichts einer fortschreitenden Klimakatastrophe empfinden viele vor allem Ohnmacht &#8230;<\/p>","slug":"klima-wandel-hoffnung","image":{"url":"https:\/\/pfingstvision.at\/wp-content\/uploads\/2024\/03\/1.-Baum-Kopie.jpg","id":1577,"extension":"jpg","width":1024,"height":681,"filesize":1248905,"sizes":{"medium":{"width":300,"height":200,"mime-type":"image\/jpeg","filesize":23364,"url":"https:\/\/pfingstvision.at\/wp-content\/uploads\/2024\/03\/1.-Baum-Kopie-300x200.jpg"},"thumbnail":{"width":150,"height":150,"mime-type":"image\/jpeg","filesize":10195,"url":"https:\/\/pfingstvision.at\/wp-content\/uploads\/2024\/03\/1.-Baum-Kopie-150x150.jpg"},"medium_large":{"width":768,"height":511,"mime-type":"image\/jpeg","filesize":132990,"url":"https:\/\/pfingstvision.at\/wp-content\/uploads\/2024\/03\/1.-Baum-Kopie-768x511.jpg"}}},"all_day":false,"start_date":"2024-04-30 19:00:00","start_date_details":{"year":"2024","month":"04","day":"30","hour":"19","minutes":"00","seconds":"00"},"end_date":"2024-04-30 19:00:00","end_date_details":{"year":"2024","month":"04","day":"30","hour":"19","minutes":"00","seconds":"00"},"utc_start_date":"2024-04-30 19:00:00","utc_start_date_details":{"year":"2024","month":"04","day":"30","hour":"19","minutes":"00","seconds":"00"},"utc_end_date":"2024-04-30 19:00:00","utc_end_date_details":{"year":"2024","month":"04","day":"30","hour":"19","minutes":"00","seconds":"00"},"timezone":"UTC+0","timezone_abbr":"UTC+0","cost":"","cost_details":{"currency_symbol":"","currency_code":"","currency_position":"prefix","values":[]},"website":"","show_map":true,"show_map_link":true,"hide_from_listings":false,"sticky":true,"featured":false,"categories":[{"name":"events","slug":"main_events","term_group":0,"term_taxonomy_id":33,"taxonomy":"tribe_events_cat","description":"","parent":0,"count":24,"filter":"raw","id":33,"urls":{"self":"https:\/\/pfingstvision.at\/index.php?rest_route=\/tribe\/events\/v1\/categories\/33","collection":"https:\/\/pfingstvision.at\/index.php?rest_route=\/tribe\/events\/v1\/categories"}}],"tags":[],"venue":{"id":1541,"author":"2","status":"publish","date":"2024-02-20 11:32:47","date_utc":"2024-02-20 11:32:47","modified":"2024-03-27 10:12:14","modified_utc":"2024-03-27 10:12:14","url":"https:\/\/pfingstvision.at\/?tribe_venue=kunsthaus-weiz-hannes-schwarz-saal","venue":"Kunsthaus Weiz &#8211; Hannes-Schwarz-Saal","slug":"kunsthaus-weiz-hannes-schwarz-saal","address":"Rathausgasse 3, 8160 Weiz","country":"Austria","province":"Steiermark","stateprovince":"Steiermark","json_ld":{"@type":"Place","name":"Kunsthaus Weiz &#8211; Hannes-Schwarz-Saal","description":"","url":"","address":{"@type":"PostalAddress","streetAddress":"Rathausgasse 3, 8160 Weiz","addressRegion":"Steiermark","addressCountry":"Austria"},"telephone":"","sameAs":""},"show_map":true,"show_map_link":true,"global_id":"pfingstvision.at?id=1541","global_id_lineage":["pfingstvision.at?id=1541"]},"organizer":[{"id":1563,"author":"2","status":"publish","date":"2024-03-03 20:41:02","date_utc":"2024-03-03 20:41:02","modified":"2024-03-03 20:41:02","modified_utc":"2024-03-03 20:41:02","url":"https:\/\/pfingstvision.at\/?tribe_organizer=weizer-pfingstvision","organizer":"Weizer Pfingstvision","slug":"weizer-pfingstvision","phone":"0043-664-20 23 773","website":"https:\/\/Pfingstvision.at","email":"weizer@pfingstvision.at","json_ld":{"@type":"Person","name":"Weizer Pfingstvision","description":"","url":"https:\/\/Pfingstvision.at","telephone":"0043-664-20 23 773","email":"weizer&#64;p&#102;ings&#116;&#118;is&#105;o&#110;.at","sameAs":"https:\/\/Pfingstvision.at"},"global_id":"pfingstvision.at?id=1563","global_id_lineage":["pfingstvision.at?id=1563"]}],"json_ld":{"@context":"http:\/\/schema.org","@type":"Event","name":"KLIMA \u2013 WANDEL &#8211; HOFFNUNG","description":"&lt;p&gt;Angesichts einer fortschreitenden Klimakatastrophe empfinden viele vor allem Ohnmacht ...&lt;\/p&gt;\\n","image":"https:\/\/pfingstvision.at\/wp-content\/uploads\/2024\/03\/1.-Baum-Kopie.jpg","url":"https:\/\/pfingstvision.at\/?tribe_events=klima-wandel-hoffnung","eventAttendanceMode":"https:\/\/schema.org\/OfflineEventAttendanceMode","eventStatus":"https:\/\/schema.org\/EventScheduled","startDate":"2024-04-30T19:00:00+00:00","endDate":"2024-04-30T19:00:00+00:00","location":{"@type":"Place","name":"Kunsthaus Weiz &#8211; Hannes-Schwarz-Saal","description":"","url":"","address":{"@type":"PostalAddress","streetAddress":"Rathausgasse 3, 8160 Weiz","addressRegion":"Steiermark","addressCountry":"Austria"},"telephone":"","sameAs":""},"organizer":{"@type":"Person","name":"Weizer Pfingstvision","description":"","url":"https:\/\/Pfingstvision.at","telephone":"0043-664-20 23 773","email":"w&#101;&#105;&#122;&#101;&#114;&#64;&#112;fi&#110;&#103;&#115;tv&#105;s&#105;o&#110;.at","sameAs":"https:\/\/Pfingstvision.at"},"performer":"Organization"}}